{"id":1381,"date":"2020-12-20T16:36:51","date_gmt":"2020-12-20T15:36:51","guid":{"rendered":"http:\/\/vfbpetterweil.de\/main\/?p=1381"},"modified":"2020-12-20T16:37:34","modified_gmt":"2020-12-20T15:37:34","slug":"schoene-bescherung","status":"publish","type":"post","link":"https:\/\/vfbpetterweil.de\/main\/2020\/12\/20\/schoene-bescherung\/","title":{"rendered":"&#8222;Sch\u00f6ne Bescherung&#8220;"},"content":{"rendered":"\n<p>Wir bedanken uns rechtherzlich bei Sylvia Lenhard f\u00fcr die Unterst\u00fctzung zur Anschaffung von neuen Mannschaftspullis. In dieser Zeit sicherlich nicht selbstverst\u00e4ndlich, da das Friseurgewerbe seit Anfang Dezember wiederholt schlie\u00dfen musste. Vielen lieben Dank Sylvia !!! <\/p>\n\n\n\n<figure class=\"wp-block-image size-large\"><img decoding=\"async\" loading=\"lazy\" width=\"687\" height=\"1024\" src=\"http:\/\/vfbpetterweil.de\/main\/wp-content\/uploads\/2020\/12\/VfB_Sylvia_Lenhard_Pulli-687x1024.jpg\" alt=\"\" class=\"wp-image-1382\" srcset=\"https:\/\/vfbpetterweil.de\/main\/wp-content\/uploads\/2020\/12\/VfB_Sylvia_Lenhard_Pulli-687x1024.jpg 687w, https:\/\/vfbpetterweil.de\/main\/wp-content\/uploads\/2020\/12\/VfB_Sylvia_Lenhard_Pulli-201x300.jpg 201w, https:\/\/vfbpetterweil.de\/main\/wp-content\/uploads\/2020\/12\/VfB_Sylvia_Lenhard_Pulli-768x1145.jpg 768w, https:\/\/vfbpetterweil.de\/main\/wp-content\/uploads\/2020\/12\/VfB_Sylvia_Lenhard_Pulli-600x894.jpg 600w, https:\/\/vfbpetterweil.de\/main\/wp-content\/uploads\/2020\/12\/VfB_Sylvia_Lenhard_Pulli-1031x1536.jpg 1031w, https:\/\/vfbpetterweil.de\/main\/wp-content\/uploads\/2020\/12\/VfB_Sylvia_Lenhard_Pulli-1374x2048.jpg 1374w, https:\/\/vfbpetterweil.de\/main\/wp-content\/uploads\/2020\/12\/VfB_Sylvia_Lenhard_Pulli-956x1425.jpg 956w, https:\/\/vfbpetterweil.de\/main\/wp-content\/uploads\/2020\/12\/VfB_Sylvia_Lenhard_Pulli.jpg 1611w\" sizes=\"(max-width: 687px) 100vw, 687px\" \/><\/figure>\n\n\n\n<p><\/p>\n","protected":false},"excerpt":{"rendered":"<p>Wir bedanken uns rechtherzlich bei Sylvia Lenhard f\u00fcr die Unterst\u00fctzung zur Anschaffung von neuen Mannschaftspullis. In dieser Zeit sicherlich nicht selbstverst\u00e4ndlich, da das Friseurgewerbe seit [&#8230;]<\/p>\n","protected":false},"author":19,"featured_media":0,"comment_status":"open","ping_status":"open","sticky":false,"template":"","format":"standard","meta":{"footnotes":"","_links_to":"","_links_to_target":""},"categories":[1],"tags":[],"_links":{"self":[{"href":"https:\/\/vfbpetterweil.de\/main\/wp-json\/wp\/v2\/posts\/1381"}],"collection":[{"href":"https:\/\/vfbpetterweil.de\/main\/wp-json\/wp\/v2\/posts"}],"about":[{"href":"https:\/\/vfbpetterweil.de\/main\/wp-json\/wp\/v2\/types\/post"}],"author":[{"embeddable":true,"href":"https:\/\/vfbpetterweil.de\/main\/wp-json\/wp\/v2\/users\/19"}],"replies":[{"embeddable":true,"href":"https:\/\/vfbpetterweil.de\/main\/wp-json\/wp\/v2\/comments?post=1381"}],"version-history":[{"count":3,"href":"https:\/\/vfbpetterweil.de\/main\/wp-json\/wp\/v2\/posts\/1381\/revisions"}],"predecessor-version":[{"id":1385,"href":"https:\/\/vfbpetterweil.de\/main\/wp-json\/wp\/v2\/posts\/1381\/revisions\/1385"}],"wp:attachment":[{"href":"https:\/\/vfbpetterweil.de\/main\/wp-json\/wp\/v2\/media?parent=1381"}],"wp:term":[{"taxonomy":"category","embeddable":true,"href":"https:\/\/vfbpetterweil.de\/main\/wp-json\/wp\/v2\/categories?post=1381"},{"taxonomy":"post_tag","embeddable":true,"href":"https:\/\/vfbpetterweil.de\/main\/wp-json\/wp\/v2\/tags?post=1381"}],"curies":[{"name":"wp","href":"https:\/\/api.w.org\/{rel}","templated":true}]}}