{"id":1581,"date":"2022-07-25T10:08:41","date_gmt":"2022-07-25T08:08:41","guid":{"rendered":"http:\/\/vfbpetterweil.de\/main\/?p=1581"},"modified":"2022-07-25T10:09:37","modified_gmt":"2022-07-25T08:09:37","slug":"trauer-um-frank-schreiber","status":"publish","type":"post","link":"https:\/\/vfbpetterweil.de\/main\/2022\/07\/25\/trauer-um-frank-schreiber\/","title":{"rendered":"Trauer um Frank Schreiber"},"content":{"rendered":"\n<p>Der VfB Petterweil trauert um Frank Schreiber. Frank ist pl\u00f6tzlich und unerwartet, f\u00fcr uns alle noch unfassbar, am 18.07.2022 im Alter von 58 Jahren verstorben. Frank war treuer Fan der Seniorenmannschaft und hat tatkr\u00e4ftig die Spiele vom Spielfeldrand aus unterst\u00fctzt. Nach den Spielen sa\u00df man gerne gemeinsam noch zusammen. Wir werden Frank in liebevoller Erinnerung behalten und ihm ein ehrendes Andenken bewahren. Unser tiefes Mitgef\u00fchl gilt seiner Familie und seinen Freunden. F\u00fcr den Vorstand des VfB Rot Wei\u00df 1969 Petterweil e.V.                             Simone Pfeil 1. Vorsitzende<\/p>\n","protected":false},"excerpt":{"rendered":"<p>Der VfB Petterweil trauert um Frank Schreiber. Frank ist pl\u00f6tzlich und unerwartet, f\u00fcr uns alle noch unfassbar, am 18.07.2022 im Alter von 58 Jahren verstorben. [&#8230;]<\/p>\n","protected":false},"author":19,"featured_media":0,"comment_status":"open","ping_status":"open","sticky":false,"template":"","format":"standard","meta":{"footnotes":"","_links_to":"","_links_to_target":""},"categories":[1],"tags":[],"_links":{"self":[{"href":"https:\/\/vfbpetterweil.de\/main\/wp-json\/wp\/v2\/posts\/1581"}],"collection":[{"href":"https:\/\/vfbpetterweil.de\/main\/wp-json\/wp\/v2\/posts"}],"about":[{"href":"https:\/\/vfbpetterweil.de\/main\/wp-json\/wp\/v2\/types\/post"}],"author":[{"embeddable":true,"href":"https:\/\/vfbpetterweil.de\/main\/wp-json\/wp\/v2\/users\/19"}],"replies":[{"embeddable":true,"href":"https:\/\/vfbpetterweil.de\/main\/wp-json\/wp\/v2\/comments?post=1581"}],"version-history":[{"count":2,"href":"https:\/\/vfbpetterweil.de\/main\/wp-json\/wp\/v2\/posts\/1581\/revisions"}],"predecessor-version":[{"id":1583,"href":"https:\/\/vfbpetterweil.de\/main\/wp-json\/wp\/v2\/posts\/1581\/revisions\/1583"}],"wp:attachment":[{"href":"https:\/\/vfbpetterweil.de\/main\/wp-json\/wp\/v2\/media?parent=1581"}],"wp:term":[{"taxonomy":"category","embeddable":true,"href":"https:\/\/vfbpetterweil.de\/main\/wp-json\/wp\/v2\/categories?post=1581"},{"taxonomy":"post_tag","embeddable":true,"href":"https:\/\/vfbpetterweil.de\/main\/wp-json\/wp\/v2\/tags?post=1581"}],"curies":[{"name":"wp","href":"https:\/\/api.w.org\/{rel}","templated":true}]}}