{"id":1900,"date":"2025-12-14T14:18:46","date_gmt":"2025-12-14T13:18:46","guid":{"rendered":"https:\/\/vfbpetterweil.de\/main\/?p=1900"},"modified":"2025-12-14T15:02:41","modified_gmt":"2025-12-14T14:02:41","slug":"weihnachtsfeier-am-samstag-20-dezember-2025","status":"publish","type":"post","link":"https:\/\/vfbpetterweil.de\/main\/2025\/12\/14\/weihnachtsfeier-am-samstag-20-dezember-2025\/","title":{"rendered":"Weihnachtsfeier am Samstag, 20.Dezember 2025"},"content":{"rendered":"<p>Am Samstag, 20.Dezember 2025 ab 18.00 Uhr feiert der VfB mit allen Mitglieder, den aktiven Jugend- und Seniorenmannschaften\u00a0 sowie unseren treuen Fans und Sponsoren Weihnachten. Lasst uns in gem\u00fctlicher Runde das Jahr 2025 Revue passieren lassen und einen Ausblick auf das Neue Jahr wagen. All denen, die an diesem Tag nicht dabei sei k\u00f6nnen, w\u00fcnschen wir gesegnete Weihnachten und alles Gute f\u00fcr 2026.<\/p>\n<p>&nbsp;<\/p>\n<p><a href=\"https:\/\/vfbpetterweil.de\/main\/wp-content\/uploads\/2025\/12\/VfB_Weihnachtsfeier_2025.jpg\"><img decoding=\"async\" loading=\"lazy\" class=\"aligncenter size-full wp-image-1909\" src=\"https:\/\/vfbpetterweil.de\/main\/wp-content\/uploads\/2025\/12\/VfB_Weihnachtsfeier_2025.jpg\" alt=\"\" width=\"829\" height=\"1210\" srcset=\"https:\/\/vfbpetterweil.de\/main\/wp-content\/uploads\/2025\/12\/VfB_Weihnachtsfeier_2025.jpg 829w, https:\/\/vfbpetterweil.de\/main\/wp-content\/uploads\/2025\/12\/VfB_Weihnachtsfeier_2025-206x300.jpg 206w, https:\/\/vfbpetterweil.de\/main\/wp-content\/uploads\/2025\/12\/VfB_Weihnachtsfeier_2025-702x1024.jpg 702w, https:\/\/vfbpetterweil.de\/main\/wp-content\/uploads\/2025\/12\/VfB_Weihnachtsfeier_2025-768x1121.jpg 768w, https:\/\/vfbpetterweil.de\/main\/wp-content\/uploads\/2025\/12\/VfB_Weihnachtsfeier_2025-69x100.jpg 69w, https:\/\/vfbpetterweil.de\/main\/wp-content\/uploads\/2025\/12\/VfB_Weihnachtsfeier_2025-34x50.jpg 34w, https:\/\/vfbpetterweil.de\/main\/wp-content\/uploads\/2025\/12\/VfB_Weihnachtsfeier_2025-17x25.jpg 17w\" sizes=\"(max-width: 829px) 100vw, 829px\" \/><\/a><\/p>\n","protected":false},"excerpt":{"rendered":"<p>Am Samstag, 20.Dezember 2025 ab 18.00 Uhr feiert der VfB mit allen Mitglieder, den aktiven Jugend- und Seniorenmannschaften\u00a0 sowie unseren treuen Fans und Sponsoren Weihnachten. [&#8230;]<\/p>\n","protected":false},"author":19,"featured_media":0,"comment_status":"closed","ping_status":"closed","sticky":false,"template":"","format":"standard","meta":{"footnotes":"","_links_to":"","_links_to_target":""},"categories":[1],"tags":[],"_links":{"self":[{"href":"https:\/\/vfbpetterweil.de\/main\/wp-json\/wp\/v2\/posts\/1900"}],"collection":[{"href":"https:\/\/vfbpetterweil.de\/main\/wp-json\/wp\/v2\/posts"}],"about":[{"href":"https:\/\/vfbpetterweil.de\/main\/wp-json\/wp\/v2\/types\/post"}],"author":[{"embeddable":true,"href":"https:\/\/vfbpetterweil.de\/main\/wp-json\/wp\/v2\/users\/19"}],"replies":[{"embeddable":true,"href":"https:\/\/vfbpetterweil.de\/main\/wp-json\/wp\/v2\/comments?post=1900"}],"version-history":[{"count":5,"href":"https:\/\/vfbpetterweil.de\/main\/wp-json\/wp\/v2\/posts\/1900\/revisions"}],"predecessor-version":[{"id":1910,"href":"https:\/\/vfbpetterweil.de\/main\/wp-json\/wp\/v2\/posts\/1900\/revisions\/1910"}],"wp:attachment":[{"href":"https:\/\/vfbpetterweil.de\/main\/wp-json\/wp\/v2\/media?parent=1900"}],"wp:term":[{"taxonomy":"category","embeddable":true,"href":"https:\/\/vfbpetterweil.de\/main\/wp-json\/wp\/v2\/categories?post=1900"},{"taxonomy":"post_tag","embeddable":true,"href":"https:\/\/vfbpetterweil.de\/main\/wp-json\/wp\/v2\/tags?post=1900"}],"curies":[{"name":"wp","href":"https:\/\/api.w.org\/{rel}","templated":true}]}}