{"id":1921,"date":"2026-03-16T05:09:16","date_gmt":"2026-03-16T04:09:16","guid":{"rendered":"https:\/\/vfbpetterweil.de\/main\/?p=1921"},"modified":"2026-03-16T05:09:16","modified_gmt":"2026-03-16T04:09:16","slug":"geschaeftsfuehrender-vorstand-bei-jahreshauptversammlung-bestaetigt-2","status":"publish","type":"post","link":"https:\/\/vfbpetterweil.de\/main\/2026\/03\/16\/geschaeftsfuehrender-vorstand-bei-jahreshauptversammlung-bestaetigt-2\/","title":{"rendered":"Gesch\u00e4ftsf\u00fchrender Vorstand bei Jahreshauptversammlung best\u00e4tigt"},"content":{"rendered":"<p>Die teilnehmenden Mitglieder des VfB Petterweil best\u00e4tigten bei der Jahreshauptversammlung am 27. Februar den gesch\u00e4ftsf\u00fchrenden Vorstand.<\/p>\n<p>F\u00fcr weitere 2 Jahre wurden gew\u00e4hlt:<\/p>\n<ul>\n<li>1. Vorsitzende Simone Pfeil<\/li>\n<li>2.Vorsitzende Bernd Hartmann<\/li>\n<li>Schatzmeister Alex Zirm<\/li>\n<li>Schriftf\u00fchrer Christian Winter<\/li>\n<\/ul>\n<p>Beisitzer im erweiterten Vorstand:<\/p>\n<ul>\n<li>Sascha Kl\u00f6tzl<\/li>\n<li>Thomas Kunkel<\/li>\n<li>Peter Lang<\/li>\n<li>Niclas Lenhard<\/li>\n<\/ul>\n<p>Spielausschuss-Vorsitzender:<\/p>\n<ul>\n<li>Marcel Hartmann<\/li>\n<\/ul>\n<p>Jugend-Koordinatoren:<\/p>\n<ul>\n<li>Christian Stary<\/li>\n<li>Fabian Vollmar<\/li>\n<\/ul>\n<p>\u00c4ltestenrat:<\/p>\n<ul>\n<li>Dieter Schaub<\/li>\n<li>Achim Pfeil<\/li>\n<\/ul>\n<p>Kassenpr\u00fcfer:<\/p>\n<ul>\n<li>Lucas Blecher<\/li>\n<li>Jonah Ritter<\/li>\n<li>Sebastian Neumann<\/li>\n<\/ul>\n<p>Begr\u00fc\u00dfen m\u00f6chte ich auf diesem Wege die &#8222;Neuen&#8220; in unserem &#8222;Vorstandsbunde&#8220;:<\/p>\n<p>Thomas Kunkel und Niclas Lenhard als Beisitzer sowie<\/p>\n<p>Christian Stary und Fabian Vollmar als Jugendkoordinatoren, die meine Funktion als Ansprechpartner und Koordinator f\u00fcr die Jugendspielgemeinschaft mit der SG Rodheim \u00fcbernehmen werden.<\/p>\n<p>Ich freue mich sehr, dass wir 4 neue Mitglieder f\u00fcr den Vorstand des VfB Petterweil gewinnen konnten und bedanke mich bei allen 12 Jungs im Vorstand sowie bei den Mitgliedern f\u00fcr das entgegengebrachte Vertrauen.<\/p>\n<p>Kurze Anmerkung zum Schluss:<\/p>\n<p>Wie man ersehen kann ist die Frauenquote im Vorstand seeeehr gering.<\/p>\n<p>Vielleicht l\u00e4sst sich das in den kommenden 2 Jahren bis zur n\u00e4chste Wahl verbessern \ud83d\ude42<\/p>\n<p>Vielen Dank und auf bald wieder auf dem Sportplatz in Petterweil.<\/p>\n<p>Beste Gr\u00fc\u00dfe, Simone Pfeil<\/p>\n","protected":false},"excerpt":{"rendered":"<p>Die teilnehmenden Mitglieder des VfB Petterweil best\u00e4tigten bei der Jahreshauptversammlung am 27. Februar den gesch\u00e4ftsf\u00fchrenden Vorstand. F\u00fcr weitere 2 Jahre wurden gew\u00e4hlt: 1. Vorsitzende Simone [&#8230;]<\/p>\n","protected":false},"author":19,"featured_media":0,"comment_status":"closed","ping_status":"closed","sticky":false,"template":"","format":"standard","meta":{"footnotes":"","_links_to":"","_links_to_target":""},"categories":[1],"tags":[],"_links":{"self":[{"href":"https:\/\/vfbpetterweil.de\/main\/wp-json\/wp\/v2\/posts\/1921"}],"collection":[{"href":"https:\/\/vfbpetterweil.de\/main\/wp-json\/wp\/v2\/posts"}],"about":[{"href":"https:\/\/vfbpetterweil.de\/main\/wp-json\/wp\/v2\/types\/post"}],"author":[{"embeddable":true,"href":"https:\/\/vfbpetterweil.de\/main\/wp-json\/wp\/v2\/users\/19"}],"replies":[{"embeddable":true,"href":"https:\/\/vfbpetterweil.de\/main\/wp-json\/wp\/v2\/comments?post=1921"}],"version-history":[{"count":9,"href":"https:\/\/vfbpetterweil.de\/main\/wp-json\/wp\/v2\/posts\/1921\/revisions"}],"predecessor-version":[{"id":1930,"href":"https:\/\/vfbpetterweil.de\/main\/wp-json\/wp\/v2\/posts\/1921\/revisions\/1930"}],"wp:attachment":[{"href":"https:\/\/vfbpetterweil.de\/main\/wp-json\/wp\/v2\/media?parent=1921"}],"wp:term":[{"taxonomy":"category","embeddable":true,"href":"https:\/\/vfbpetterweil.de\/main\/wp-json\/wp\/v2\/categories?post=1921"},{"taxonomy":"post_tag","embeddable":true,"href":"https:\/\/vfbpetterweil.de\/main\/wp-json\/wp\/v2\/tags?post=1921"}],"curies":[{"name":"wp","href":"https:\/\/api.w.org\/{rel}","templated":true}]}}